{"id":7452,"date":"2025-02-12T11:07:27","date_gmt":"2025-02-12T10:07:27","guid":{"rendered":"https:\/\/integral-toner.de\/?p=7452"},"modified":"2025-02-12T10:58:57","modified_gmt":"2025-02-12T10:58:57","slug":"cartuchos-de-impressao-sustentaveis-como-imprimir-de-forma-ecologica","status":"publish","type":"post","link":"https:\/\/integral-toner.de\/pt-pt\/cartuchos-de-impressao-sustentaveis-como-imprimir-de-forma-ecologica\/","title":{"rendered":"Cartuchos de Impress\u00e3o Sustent\u00e1veis: Como Imprimir de Forma Ecol\u00f3gica"},"content":{"rendered":"\n<p>A sustentabilidade \u00e9 um tema essencial em todas as \u00e1reas da nossa vida, e a impress\u00e3o n\u00e3o \u00e9 exce\u00e7\u00e3o. Na INTEGRAL, mostramos como implementar uma impress\u00e3o ecologicamente correta e os benef\u00edcios que isso pode trazer para a sua empresa. <\/p>\n\n<h2 class=\"wp-block-heading\">Por que a sustentabilidade \u00e9 importante nos acess\u00f3rios para impressoras?<\/h2>\n\n<p>Adotar solu\u00e7\u00f5es de impress\u00e3o sustent\u00e1veis n\u00e3o s\u00f3 reduz o impacto ambiental, mas tamb\u00e9m traz vantagens estrat\u00e9gicas para a sua empresa. Menos res\u00edduos, menores custos e uma imagem mais respons\u00e1vel s\u00e3o apenas alguns dos benef\u00edcios. Com o uso de <strong>t\u00f3ners sustent\u00e1veis <\/strong>e <strong>pr\u00e1ticas ecol\u00f3gicas<\/strong>, voc\u00ea pode fazer a diferen\u00e7a.  <\/p>\n\n<h2 class=\"wp-block-heading\">Benef\u00edcios da impress\u00e3o sustent\u00e1vel para a sua empresa<\/h2>\n\n<p>Ao implementar pr\u00e1ticas de impress\u00e3o ecol\u00f3gicas, sua empresa poder\u00e1:<\/p>\n\n<ul class=\"wp-block-list\">\n<li><strong>Reduzir custos<\/strong> \u2013 Menor consumo de papel e t\u00f3ners significa menos despesas operacionais.<\/li>\n\n\n\n<li><strong>Melhorar a imagem corporativa<\/strong> \u2013 O compromisso ambiental fortalece a reputa\u00e7\u00e3o da sua empresa junto a clientes e parceiros.<\/li>\n\n\n\n<li><strong>Cumprir regulamenta\u00e7\u00f5es ambientais<\/strong> \u2013 Evite san\u00e7\u00f5es e melhore seu posicionamento no mercado.<\/li>\n\n\n\n<li><strong>Otimizar o uso de recursos<\/strong> \u2013 O uso de mat\u00e9rias-primas ecol\u00f3gicas reduz o impacto ambiental.<\/li>\n\n\n\n<li><strong>Ganhar vantagem competitiva<\/strong> \u2013 A sustentabilidade \u00e9 um diferencial em um mercado cada vez mais consciente.<\/li>\n<\/ul>\n\n<h2 class=\"wp-block-heading\">Dicas para uma impress\u00e3o mais ecol\u00f3gica<\/h2>\n\n<p>Considere as dicas a seguir para impress\u00e3o ecol\u00f3gica.<\/p>\n\n<h3 class=\"wp-block-heading\"><strong>Ative a impress\u00e3o frente e verso \u2013 Reduza o consumo de papel ativando essa fun\u00e7\u00e3o nas suas impressoras. Ao imprimir em ambos os lados da folha, voc\u00ea reduz significativamente o desperd\u00edcio.<\/strong><\/h3>\n\n<p>Active a impress\u00e3o duplex nas suas impressoras para poupar papel. Ao imprimir em ambos os lados, est\u00e1 a <strong>reduzir para metade o consumo de papel e a reduzir o desperd\u00edcio<\/strong>. Esta \u00e9 uma medida simples mas eficaz para imprimir de forma mais sustent\u00e1vel.  <\/p>\n\n<h3 class=\"wp-block-heading\"><strong>Utilize o modo ecol\u00f3gico<\/strong><\/h3>\n\n<p>Muitas impressoras possuem a op\u00e7\u00e3o modo eco, que reduz o consumo de t\u00f3ners sem comprometer a qualidade da impress\u00e3o. Isso n\u00e3o s\u00f3 protege o meio ambiente, mas tamb\u00e9m reduz seus custos de impress\u00e3o.  <\/p>\n\n<h2 class=\"wp-block-heading\">Por que escolher a INTEGRAL? Nossas solu\u00e7\u00f5es de impress\u00e3o sustent\u00e1veis <\/h2>\n\n<p>Na INTEGRAL, concentramo-nos em m\u00e9todos de produ\u00e7\u00e3o amigos do ambiente. Os nossos toners compat\u00edveis com OEM s\u00e3o fabricados de uma forma que minimiza o impacto ambiental. Aqui est\u00e3o alguns dos benef\u00edcios:  <\/p>\n\n<h3 class=\"wp-block-heading\">Longa vida \u00fatil: toners de alta qualidade que duram mais tempo<\/h3>\n\n<p>Os nossos cartuchos de toner s\u00e3o concebidos para terem um elevado rendimento de p\u00e1ginas e, por conseguinte, uma longa vida \u00fatil. Isto significa <strong>custos globais mais baixos <\/strong>para a sua empresa. A utiliza\u00e7\u00e3o de mat\u00e9rias-primas de alta qualidade na produ\u00e7\u00e3o e de t\u00e9cnicas de fabrico avan\u00e7adas garante que os nossos toners proporcionam uma qualidade de impress\u00e3o fi\u00e1vel e consistente, mesmo com volumes de impress\u00e3o elevados.  <\/p>\n\n<h3 class=\"wp-block-heading\">Produ\u00e7\u00e3o eficiente em termos energ\u00e9ticos: redu\u00e7\u00e3o do consumo de energia durante a produ\u00e7\u00e3o<\/h3>\n\n<p>Baseamo-nos em processos eficientes na produ\u00e7\u00e3o dos nossos toners. Ao <strong>utilizar tecnologia moderna e processos de produ\u00e7\u00e3o optimizados<\/strong>, contribu\u00edmos ativamente para a prote\u00e7\u00e3o ambiental. Estas medidas fazem parte do nosso compromisso para com um futuro sustent\u00e1vel.  <\/p>\n\n<h2 class=\"wp-block-heading\">Conclus\u00e3o<\/h2>\n\n<p>A sustentabilidade n\u00e3o \u00e9 apenas uma tend\u00eancia para n\u00f3s, mas um compromisso. Estamos constantemente a trabalhar para tornar os nossos produtos e processos mais amigos do ambiente. <\/p>\n\n<p><a href=\"https:\/\/integral-toner.de\/pt-pt\/contato\/\"><strong>Contacte-nos<\/strong><\/a> ou <a href=\"https:\/\/shop.integral-toner.de\/pt\/Login\/Inscrio-91238.html\"><strong>registe-se na nossa loja online<\/strong><\/a> para saber mais sobre os nossos toners sustent\u00e1veis e saiba como podemos ajud\u00e1-lo a reduzir os seus custos de impress\u00e3o e a proteger o ambiente.<\/p>\n      <a class=\"btn btn-primary\" href=\"https:\/\/integral-toner.de\/kontakt\/\" target=\"\">\n        \n        Jetzt Kunde werden    <\/a>\n  ","protected":false},"excerpt":{"rendered":"<p>A sustentabilidade \u00e9 um tema essencial em todas as \u00e1reas da nossa vida, e a impress\u00e3o n\u00e3o \u00e9 exce\u00e7\u00e3o. Na INTEGRAL, mostramos como implementar uma impress\u00e3o ecologicamente correta e os benef\u00edcios que isso pode trazer para a sua empresa. Por que a sustentabilidade \u00e9 importante nos acess\u00f3rios para impressoras? Adotar solu\u00e7\u00f5es de impress\u00e3o sustent\u00e1veis n\u00e3o [&hellip;]<\/p>\n","protected":false},"author":15,"featured_media":7352,"comment_status":"closed","ping_status":"closed","sticky":false,"template":"","format":"standard","meta":{"_acf_changed":false,"_seopress_robots_primary_cat":"none","_seopress_titles_title":"Cartuchos de Impress\u00e3o Sustent\u00e1veis | Impress\u00e3o Ecol\u00f3gica | Redu\u00e7\u00e3o de Custos","_seopress_titles_desc":"\u2713 Menos res\u00edduos \u2713 Custos otimizados \u2713 Prote\u00e7\u00e3o ambiental \u2713 Dicas pr\u00e1ticas para imprimir de forma sustent\u00e1vel. Descubra mais agora! ","_seopress_robots_index":"","footnotes":""},"categories":[93],"tags":[],"class_list":["post-7452","post","type-post","status-publish","format-standard","has-post-thumbnail","hentry","category-consultor"],"acf":[],"_links":{"self":[{"href":"https:\/\/integral-toner.de\/pt-pt\/wp-json\/wp\/v2\/posts\/7452","targetHints":{"allow":["GET"]}}],"collection":[{"href":"https:\/\/integral-toner.de\/pt-pt\/wp-json\/wp\/v2\/posts"}],"about":[{"href":"https:\/\/integral-toner.de\/pt-pt\/wp-json\/wp\/v2\/types\/post"}],"author":[{"embeddable":true,"href":"https:\/\/integral-toner.de\/pt-pt\/wp-json\/wp\/v2\/users\/15"}],"replies":[{"embeddable":true,"href":"https:\/\/integral-toner.de\/pt-pt\/wp-json\/wp\/v2\/comments?post=7452"}],"version-history":[{"count":1,"href":"https:\/\/integral-toner.de\/pt-pt\/wp-json\/wp\/v2\/posts\/7452\/revisions"}],"predecessor-version":[{"id":7453,"href":"https:\/\/integral-toner.de\/pt-pt\/wp-json\/wp\/v2\/posts\/7452\/revisions\/7453"}],"wp:featuredmedia":[{"embeddable":true,"href":"https:\/\/integral-toner.de\/pt-pt\/wp-json\/wp\/v2\/media\/7352"}],"wp:attachment":[{"href":"https:\/\/integral-toner.de\/pt-pt\/wp-json\/wp\/v2\/media?parent=7452"}],"wp:term":[{"taxonomy":"category","embeddable":true,"href":"https:\/\/integral-toner.de\/pt-pt\/wp-json\/wp\/v2\/categories?post=7452"},{"taxonomy":"post_tag","embeddable":true,"href":"https:\/\/integral-toner.de\/pt-pt\/wp-json\/wp\/v2\/tags?post=7452"}],"curies":[{"name":"wp","href":"https:\/\/api.w.org\/{rel}","templated":true}]}}